{"id":5488,"date":"2022-08-15T08:06:55","date_gmt":"2022-08-15T08:06:55","guid":{"rendered":"https:\/\/deutscher-schifffahrtstag.de\/?p=5488"},"modified":"2024-07-29T09:05:01","modified_gmt":"2024-07-29T09:05:01","slug":"kaufmann-frau-fuer-digitalisierungsmanagement","status":"publish","type":"post","link":"https:\/\/deutscher-schifffahrtstag.de\/index.php\/2022\/08\/15\/kaufmann-frau-fuer-digitalisierungsmanagement\/","title":{"rendered":"Kaufmann\/-frau f\u00fcr Digitalisierungsmanagement"},"content":{"rendered":"\t\t<div data-elementor-type=\"wp-post\" data-elementor-id=\"5488\" class=\"elementor elementor-5488\" data-elementor-post-type=\"post\">\n\t\t\t\t\t\t<section class=\"elementor-section elementor-top-section elementor-element elementor-element-f74dacb elementor-section-boxed elementor-section-height-default elementor-section-height-default\" data-id=\"f74dacb\" data-element_type=\"section\" data-e-type=\"section\">\n\t\t\t\t\t\t<div class=\"elementor-container elementor-column-gap-default\">\n\t\t\t\t\t<div class=\"elementor-column elementor-col-100 elementor-top-column elementor-element elementor-element-305f9d2\" data-id=\"305f9d2\" data-element_type=\"column\" data-e-type=\"column\">\n\t\t\t<div class=\"elementor-widget-wrap elementor-element-populated\">\n\t\t\t\t\t\t<div class=\"elementor-element elementor-element-f92346a elementor-widget elementor-widget-image\" data-id=\"f92346a\" data-element_type=\"widget\" data-e-type=\"widget\" data-widget_type=\"image.default\">\n\t\t\t\t<div class=\"elementor-widget-container\">\n\t\t\t\t\t\t\t\t\t\t\t\t\t\t\t<img fetchpriority=\"high\" decoding=\"async\" width=\"300\" height=\"400\" src=\"https:\/\/deutscher-schifffahrtstag.de\/wp-content\/uploads\/2022\/08\/Digi2-300x400.jpeg\" class=\"attachment-tileview size-tileview wp-image-5490\" alt=\"\" \/>\t\t\t\t\t\t\t\t\t\t\t\t\t\t\t<\/div>\n\t\t\t\t<\/div>\n\t\t\t\t\t<\/div>\n\t\t<\/div>\n\t\t\t\t\t<\/div>\n\t\t<\/section>\n\t\t\t\t<section class=\"elementor-section elementor-top-section elementor-element elementor-element-2cf9a9a elementor-section-boxed elementor-section-height-default elementor-section-height-default\" data-id=\"2cf9a9a\" data-element_type=\"section\" data-e-type=\"section\">\n\t\t\t\t\t\t<div class=\"elementor-container elementor-column-gap-default\">\n\t\t\t\t\t<div class=\"elementor-column elementor-col-100 elementor-top-column elementor-element elementor-element-f9da184\" data-id=\"f9da184\" data-element_type=\"column\" data-e-type=\"column\">\n\t\t\t<div class=\"elementor-widget-wrap elementor-element-populated\">\n\t\t\t\t\t\t<div class=\"elementor-element elementor-element-cfe5d23 elementor-widget elementor-widget-text-editor\" data-id=\"cfe5d23\" data-element_type=\"widget\" data-e-type=\"widget\" data-widget_type=\"text-editor.default\">\n\t\t\t\t<div class=\"elementor-widget-container\">\n\t\t\t\t\t\t\t\t\t<p>Bildquelle: <em><strong><a href=\"https:\/\/durchstarten-in-mv.de\/ausbildung-details\/informatikkaufmann-frau\">Durchstarten in MV<\/a><\/strong><\/em><\/p><p><strong>Kaufleute f\u00fcr Digitalisierungsmanagement<\/strong> analysieren Daten sowie bestehende Arbeits-, Gesch\u00e4fts und Wertsch\u00f6pfungsprozesse und entwickeln diese digital weiter. Hierf\u00fcr ermitteln sie den Bedarf an IT-Produkten sowie Dienstleistungen, holen Angebote ein, beschaffen die ben\u00f6tigte Hard- und Software und f\u00fchren diese im Unternehmen ein. Gibt es keine geeigneten Standardanwendungen, beteiligen sie sich an der Entwicklung, Erstellung und Umsetzung individueller IT-L\u00f6sungen. Sie analysieren die jeweiligen IT-Systeme, stellen Fehler fest und beheben sowie dokumentieren diese. Dar\u00fcber hinaus informieren und beraten sie Kunden und setzen Ma\u00dfnahmen zur IT-Sicherheit sowie zum Datenschutz um.<\/p><p>Eine umfangreichere Beschreibung der Ausbildung und eine Liste aller Ausbildungsstellen findest du\u00a0<a href=\"https:\/\/berufenet.arbeitsagentur.de\/berufenet\/bkb\/133555.pdf\"><em><strong>hier<\/strong><\/em><\/a>\u2026<\/p>\t\t\t\t\t\t\t\t<\/div>\n\t\t\t\t<\/div>\n\t\t\t\t\t<\/div>\n\t\t<\/div>\n\t\t\t\t\t<\/div>\n\t\t<\/section>\n\t\t\t\t<\/div>\n\t\t","protected":false},"excerpt":{"rendered":"<p>In Zeiten von Industrie 4.0 gefragte Fachkr\u00e4fte.<\/p>\n","protected":false},"author":4,"featured_media":5490,"comment_status":"open","ping_status":"open","sticky":false,"template":"elementor_header_footer","format":"standard","meta":{"footnotes":""},"categories":[20],"tags":[],"class_list":["post-5488","post","type-post","status-publish","format-standard","has-post-thumbnail","hentry","category-berufe"],"_links":{"self":[{"href":"https:\/\/deutscher-schifffahrtstag.de\/index.php\/wp-json\/wp\/v2\/posts\/5488","targetHints":{"allow":["GET"]}}],"collection":[{"href":"https:\/\/deutscher-schifffahrtstag.de\/index.php\/wp-json\/wp\/v2\/posts"}],"about":[{"href":"https:\/\/deutscher-schifffahrtstag.de\/index.php\/wp-json\/wp\/v2\/types\/post"}],"author":[{"embeddable":true,"href":"https:\/\/deutscher-schifffahrtstag.de\/index.php\/wp-json\/wp\/v2\/users\/4"}],"replies":[{"embeddable":true,"href":"https:\/\/deutscher-schifffahrtstag.de\/index.php\/wp-json\/wp\/v2\/comments?post=5488"}],"version-history":[{"count":7,"href":"https:\/\/deutscher-schifffahrtstag.de\/index.php\/wp-json\/wp\/v2\/posts\/5488\/revisions"}],"predecessor-version":[{"id":7355,"href":"https:\/\/deutscher-schifffahrtstag.de\/index.php\/wp-json\/wp\/v2\/posts\/5488\/revisions\/7355"}],"wp:featuredmedia":[{"embeddable":true,"href":"https:\/\/deutscher-schifffahrtstag.de\/index.php\/wp-json\/wp\/v2\/media\/5490"}],"wp:attachment":[{"href":"https:\/\/deutscher-schifffahrtstag.de\/index.php\/wp-json\/wp\/v2\/media?parent=5488"}],"wp:term":[{"taxonomy":"category","embeddable":true,"href":"https:\/\/deutscher-schifffahrtstag.de\/index.php\/wp-json\/wp\/v2\/categories?post=5488"},{"taxonomy":"post_tag","embeddable":true,"href":"https:\/\/deutscher-schifffahrtstag.de\/index.php\/wp-json\/wp\/v2\/tags?post=5488"}],"curies":[{"name":"wp","href":"https:\/\/api.w.org\/{rel}","templated":true}]}}