{"id":7841,"date":"2025-02-24T10:14:39","date_gmt":"2025-02-24T10:14:39","guid":{"rendered":"https:\/\/deutscher-schifffahrtstag.de\/?p=7841"},"modified":"2025-02-24T10:16:29","modified_gmt":"2025-02-24T10:16:29","slug":"elementor-7841","status":"publish","type":"post","link":"https:\/\/deutscher-schifffahrtstag.de\/index.php\/2025\/02\/24\/elementor-7841\/","title":{"rendered":"Dr. Matthias Cat\u00f3n, Gesch\u00e4ftsf\u00fchrer, Deutsches Maritimes Zentrum"},"content":{"rendered":"\t\t<div data-elementor-type=\"wp-post\" data-elementor-id=\"7841\" class=\"elementor elementor-7841\" data-elementor-post-type=\"post\">\n\t\t\t\t\t\t<section class=\"elementor-section elementor-top-section elementor-element elementor-element-b33b854 elementor-section-boxed elementor-section-height-default elementor-section-height-default\" data-id=\"b33b854\" data-element_type=\"section\" data-e-type=\"section\">\n\t\t\t\t\t\t<div class=\"elementor-container elementor-column-gap-default\">\n\t\t\t\t\t<div class=\"elementor-column elementor-col-100 elementor-top-column elementor-element elementor-element-2ebd1b1\" data-id=\"2ebd1b1\" data-element_type=\"column\" data-e-type=\"column\">\n\t\t\t<div class=\"elementor-widget-wrap elementor-element-populated\">\n\t\t\t\t\t\t<div class=\"elementor-element elementor-element-47bcfd2 elementor-widget elementor-widget-image\" data-id=\"47bcfd2\" data-element_type=\"widget\" data-e-type=\"widget\" data-widget_type=\"image.default\">\n\t\t\t\t<div class=\"elementor-widget-container\">\n\t\t\t\t\t\t\t\t\t\t\t\t\t\t\t<img fetchpriority=\"high\" decoding=\"async\" width=\"400\" height=\"400\" src=\"https:\/\/deutscher-schifffahrtstag.de\/wp-content\/uploads\/2025\/02\/DMZ_Caton_Bina-Engel_web-400x400-1.jpg\" class=\"attachment-large size-large wp-image-7842\" alt=\"\" srcset=\"https:\/\/deutscher-schifffahrtstag.de\/wp-content\/uploads\/2025\/02\/DMZ_Caton_Bina-Engel_web-400x400-1.jpg 400w, https:\/\/deutscher-schifffahrtstag.de\/wp-content\/uploads\/2025\/02\/DMZ_Caton_Bina-Engel_web-400x400-1-300x300.jpg 300w, https:\/\/deutscher-schifffahrtstag.de\/wp-content\/uploads\/2025\/02\/DMZ_Caton_Bina-Engel_web-400x400-1-150x150.jpg 150w\" sizes=\"(max-width: 400px) 100vw, 400px\" \/>\t\t\t\t\t\t\t\t\t\t\t\t\t\t\t<\/div>\n\t\t\t\t<\/div>\n\t\t\t\t\t<\/div>\n\t\t<\/div>\n\t\t\t\t\t<\/div>\n\t\t<\/section>\n\t\t\t\t<section class=\"elementor-section elementor-top-section elementor-element elementor-element-b9ccc66 elementor-section-boxed elementor-section-height-default elementor-section-height-default\" data-id=\"b9ccc66\" data-element_type=\"section\" data-e-type=\"section\">\n\t\t\t\t\t\t<div class=\"elementor-container elementor-column-gap-default\">\n\t\t\t\t\t<div class=\"elementor-column elementor-col-100 elementor-top-column elementor-element elementor-element-e5f6c09\" data-id=\"e5f6c09\" data-element_type=\"column\" data-e-type=\"column\">\n\t\t\t<div class=\"elementor-widget-wrap elementor-element-populated\">\n\t\t\t\t\t\t<div class=\"elementor-element elementor-element-8c24ebf elementor-widget elementor-widget-text-editor\" data-id=\"8c24ebf\" data-element_type=\"widget\" data-e-type=\"widget\" data-widget_type=\"text-editor.default\">\n\t\t\t\t<div class=\"elementor-widget-container\">\n\t\t\t\t\t\t\t\t\t<p>Der Deutsche Schifffahrtstag mit seiner \u00fcber hundertj\u00e4hrigen Geschichte ist eine Institution der deutschen maritimen Branche. Er ist zugleich Zeichen einer stolzen Tradition und Ort f\u00fcr zukunftsgewandten Austausch.<\/p><p>Das Deutsche Maritime Zentrum freut sich, dieses Jahr gleich in zwei Bereichen zum Programm beitragen zu k\u00f6nnen \u2013 bei der Veranstaltung \u201eNachwuchsgewinnung f\u00fcr die maritime Branche\u201c und bei der Fachkonferenz zu K\u00fcnstlicher Intelligenz, die wir gemeinsam mit Fraunhofer CML ausrichten.<\/p><p>Ich w\u00fcnsche allen Teilnehmerinnen und Teilnehmern spannende Gespr\u00e4che, viele neue Erkenntnisse und eine tolle Zeit in Hamburg! Wir freuen uns auf Sie!<\/p>\t\t\t\t\t\t\t\t<\/div>\n\t\t\t\t<\/div>\n\t\t\t\t\t<\/div>\n\t\t<\/div>\n\t\t\t\t\t<\/div>\n\t\t<\/section>\n\t\t\t\t<\/div>\n\t\t","protected":false},"excerpt":{"rendered":"<p>Der Deutsche Schifffahrtstag mit seiner \u00fcber hundertj\u00e4hrigen Geschichte ist eine Institution der deutschen maritimen Branche. Er ist zugleich Zeichen einer stolzen Tradition und Ort f\u00fcr zukunftsgewandten Austausch. Das Deutsche Maritime Zentrum freut sich, dieses Jahr gleich in zwei Bereichen zum Programm beitragen zu k\u00f6nnen \u2013 bei der Veranstaltung \u201eNachwuchsgewinnung f\u00fcr die maritime Branche\u201c und bei [&hellip;]<\/p>\n","protected":false},"author":5,"featured_media":7842,"comment_status":"closed","ping_status":"open","sticky":false,"template":"elementor_header_footer","format":"standard","meta":{"footnotes":""},"categories":[16],"tags":[],"class_list":["post-7841","post","type-post","status-publish","format-standard","has-post-thumbnail","hentry","category-positionen"],"_links":{"self":[{"href":"https:\/\/deutscher-schifffahrtstag.de\/index.php\/wp-json\/wp\/v2\/posts\/7841","targetHints":{"allow":["GET"]}}],"collection":[{"href":"https:\/\/deutscher-schifffahrtstag.de\/index.php\/wp-json\/wp\/v2\/posts"}],"about":[{"href":"https:\/\/deutscher-schifffahrtstag.de\/index.php\/wp-json\/wp\/v2\/types\/post"}],"author":[{"embeddable":true,"href":"https:\/\/deutscher-schifffahrtstag.de\/index.php\/wp-json\/wp\/v2\/users\/5"}],"replies":[{"embeddable":true,"href":"https:\/\/deutscher-schifffahrtstag.de\/index.php\/wp-json\/wp\/v2\/comments?post=7841"}],"version-history":[{"count":5,"href":"https:\/\/deutscher-schifffahrtstag.de\/index.php\/wp-json\/wp\/v2\/posts\/7841\/revisions"}],"predecessor-version":[{"id":7847,"href":"https:\/\/deutscher-schifffahrtstag.de\/index.php\/wp-json\/wp\/v2\/posts\/7841\/revisions\/7847"}],"wp:featuredmedia":[{"embeddable":true,"href":"https:\/\/deutscher-schifffahrtstag.de\/index.php\/wp-json\/wp\/v2\/media\/7842"}],"wp:attachment":[{"href":"https:\/\/deutscher-schifffahrtstag.de\/index.php\/wp-json\/wp\/v2\/media?parent=7841"}],"wp:term":[{"taxonomy":"category","embeddable":true,"href":"https:\/\/deutscher-schifffahrtstag.de\/index.php\/wp-json\/wp\/v2\/categories?post=7841"},{"taxonomy":"post_tag","embeddable":true,"href":"https:\/\/deutscher-schifffahrtstag.de\/index.php\/wp-json\/wp\/v2\/tags?post=7841"}],"curies":[{"name":"wp","href":"https:\/\/api.w.org\/{rel}","templated":true}]}}