{"id":7977,"date":"2025-04-01T09:22:18","date_gmt":"2025-04-01T09:22:18","guid":{"rendered":"https:\/\/deutscher-schifffahrtstag.de\/?p=7977"},"modified":"2025-04-01T09:24:43","modified_gmt":"2025-04-01T09:24:43","slug":"kapitaen-wolfram-guntermann-hapag-lloyd","status":"publish","type":"post","link":"https:\/\/deutscher-schifffahrtstag.de\/index.php\/2025\/04\/01\/kapitaen-wolfram-guntermann-hapag-lloyd\/","title":{"rendered":"Kapit\u00e4n Wolfram Guntermann, Hapag Lloyd"},"content":{"rendered":"\t\t<div data-elementor-type=\"wp-post\" data-elementor-id=\"7977\" class=\"elementor elementor-7977\" data-elementor-post-type=\"post\">\n\t\t\t\t\t\t<section class=\"elementor-section elementor-top-section elementor-element elementor-element-5a4a817 elementor-section-boxed elementor-section-height-default elementor-section-height-default\" data-id=\"5a4a817\" data-element_type=\"section\" data-e-type=\"section\">\n\t\t\t\t\t\t<div class=\"elementor-container elementor-column-gap-default\">\n\t\t\t\t\t<div class=\"elementor-column elementor-col-100 elementor-top-column elementor-element elementor-element-5445a25\" data-id=\"5445a25\" data-element_type=\"column\" data-e-type=\"column\">\n\t\t\t<div class=\"elementor-widget-wrap elementor-element-populated\">\n\t\t\t\t\t\t<div class=\"elementor-element elementor-element-c9921f3 elementor-widget elementor-widget-image\" data-id=\"c9921f3\" data-element_type=\"widget\" data-e-type=\"widget\" data-widget_type=\"image.default\">\n\t\t\t\t<div class=\"elementor-widget-container\">\n\t\t\t\t\t\t\t\t\t\t\t\t\t\t\t<img fetchpriority=\"high\" decoding=\"async\" width=\"300\" height=\"200\" src=\"https:\/\/deutscher-schifffahrtstag.de\/wp-content\/uploads\/2025\/04\/Wolfram-Guntermann-5-300x200.jpg\" class=\"attachment-medium size-medium wp-image-7978\" alt=\"\" srcset=\"https:\/\/deutscher-schifffahrtstag.de\/wp-content\/uploads\/2025\/04\/Wolfram-Guntermann-5-300x200.jpg 300w, https:\/\/deutscher-schifffahrtstag.de\/wp-content\/uploads\/2025\/04\/Wolfram-Guntermann-5-1024x683.jpg 1024w, https:\/\/deutscher-schifffahrtstag.de\/wp-content\/uploads\/2025\/04\/Wolfram-Guntermann-5-768x512.jpg 768w, https:\/\/deutscher-schifffahrtstag.de\/wp-content\/uploads\/2025\/04\/Wolfram-Guntermann-5-391x260.jpg 391w, https:\/\/deutscher-schifffahrtstag.de\/wp-content\/uploads\/2025\/04\/Wolfram-Guntermann-5-1536x1025.jpg 1536w, https:\/\/deutscher-schifffahrtstag.de\/wp-content\/uploads\/2025\/04\/Wolfram-Guntermann-5.jpg 2000w\" sizes=\"(max-width: 300px) 100vw, 300px\" \/>\t\t\t\t\t\t\t\t\t\t\t\t\t\t\t<\/div>\n\t\t\t\t<\/div>\n\t\t\t\t\t<\/div>\n\t\t<\/div>\n\t\t\t\t\t<\/div>\n\t\t<\/section>\n\t\t\t\t<section class=\"elementor-section elementor-top-section elementor-element elementor-element-d9fcc01 elementor-section-boxed elementor-section-height-default elementor-section-height-default\" data-id=\"d9fcc01\" data-element_type=\"section\" data-e-type=\"section\">\n\t\t\t\t\t\t<div class=\"elementor-container elementor-column-gap-default\">\n\t\t\t\t\t<div class=\"elementor-column elementor-col-100 elementor-top-column elementor-element elementor-element-7b27241\" data-id=\"7b27241\" data-element_type=\"column\" data-e-type=\"column\">\n\t\t\t<div class=\"elementor-widget-wrap elementor-element-populated\">\n\t\t\t\t\t\t<div class=\"elementor-element elementor-element-8fdcf96 elementor-widget elementor-widget-text-editor\" data-id=\"8fdcf96\" data-element_type=\"widget\" data-e-type=\"widget\" data-widget_type=\"text-editor.default\">\n\t\t\t\t<div class=\"elementor-widget-container\">\n\t\t\t\t\t\t\t\t\t<p>Als Hamburger Reederei freuen wir uns sehr, dass der Deutsche Schifffahrtstag in diesem Jahr in unserer Heimatstadt stattfindet. Dieser traditionsreiche Tag bietet seit \u00fcber 100 Jahren eine wertvolle Plattform f\u00fcr den Austausch \u00fcber die Zukunft der Schifffahrt.<\/p><p>Auch Hapag-Lloyd blickt auf eine lange Geschichte zur\u00fcck. Seit 178 Jahren pr\u00e4gen wir die maritime Wirtschaft und tragen Verantwortung f\u00fcr die Ausbildung und Entwicklung von Fachkr\u00e4ften \u2013 sowohl an Land als auch auf See. Die Vorreiterrolle, die wir in der maritimen Ausbildung seit Jahrzehnten \u00fcbernehmen, ist f\u00fcr uns Verpflichtung und Ansporn zugleich.<\/p><p>Dar\u00fcber hinaus sind wir fest davon \u00fcberzeugt, dass gut ausgebildete Menschen nicht nur die Zukunft der Schifffahrt sichern, sondern auch wertvolle Mitglieder der Gesellschaft sind \u2013 als Impulsgeber f\u00fcr wirtschaftliche, soziale und \u00f6kologische Fragestellungen. Daher begr\u00fc\u00dfen wir es, dass der Deutsche Schifffahrtstag genau diese Themen in den Mittelpunkt r\u00fcckt und die Seefahrt auch f\u00fcr junge Menschen sichtbar macht.<\/p><p>Wir freuen uns auf inspirierende Diskussionen, wertvolle Begegnungen und neue Impulse f\u00fcr eine nachhaltige maritime Zukunft!<\/p><p><strong>Wolfram Guntermann<\/strong><br \/>Director Regulatory Affairs<br \/>Hapag-Lloyd AG<\/p>\t\t\t\t\t\t\t\t<\/div>\n\t\t\t\t<\/div>\n\t\t\t\t\t<\/div>\n\t\t<\/div>\n\t\t\t\t\t<\/div>\n\t\t<\/section>\n\t\t\t\t<\/div>\n\t\t","protected":false},"excerpt":{"rendered":"<p>Als Hamburger Reederei freuen wir uns sehr, dass der Deutsche Schifffahrtstag in diesem Jahr in unserer Heimatstadt stattfindet. Dieser traditionsreiche Tag bietet seit \u00fcber 100 Jahren eine wertvolle Plattform f\u00fcr den Austausch \u00fcber die Zukunft der Schifffahrt. Auch Hapag-Lloyd blickt auf eine lange Geschichte zur\u00fcck. Seit 178 Jahren pr\u00e4gen wir die maritime Wirtschaft und tragen [&hellip;]<\/p>\n","protected":false},"author":5,"featured_media":7978,"comment_status":"closed","ping_status":"open","sticky":false,"template":"elementor_header_footer","format":"standard","meta":{"footnotes":""},"categories":[16],"tags":[],"class_list":["post-7977","post","type-post","status-publish","format-standard","has-post-thumbnail","hentry","category-positionen"],"_links":{"self":[{"href":"https:\/\/deutscher-schifffahrtstag.de\/index.php\/wp-json\/wp\/v2\/posts\/7977","targetHints":{"allow":["GET"]}}],"collection":[{"href":"https:\/\/deutscher-schifffahrtstag.de\/index.php\/wp-json\/wp\/v2\/posts"}],"about":[{"href":"https:\/\/deutscher-schifffahrtstag.de\/index.php\/wp-json\/wp\/v2\/types\/post"}],"author":[{"embeddable":true,"href":"https:\/\/deutscher-schifffahrtstag.de\/index.php\/wp-json\/wp\/v2\/users\/5"}],"replies":[{"embeddable":true,"href":"https:\/\/deutscher-schifffahrtstag.de\/index.php\/wp-json\/wp\/v2\/comments?post=7977"}],"version-history":[{"count":4,"href":"https:\/\/deutscher-schifffahrtstag.de\/index.php\/wp-json\/wp\/v2\/posts\/7977\/revisions"}],"predecessor-version":[{"id":7982,"href":"https:\/\/deutscher-schifffahrtstag.de\/index.php\/wp-json\/wp\/v2\/posts\/7977\/revisions\/7982"}],"wp:featuredmedia":[{"embeddable":true,"href":"https:\/\/deutscher-schifffahrtstag.de\/index.php\/wp-json\/wp\/v2\/media\/7978"}],"wp:attachment":[{"href":"https:\/\/deutscher-schifffahrtstag.de\/index.php\/wp-json\/wp\/v2\/media?parent=7977"}],"wp:term":[{"taxonomy":"category","embeddable":true,"href":"https:\/\/deutscher-schifffahrtstag.de\/index.php\/wp-json\/wp\/v2\/categories?post=7977"},{"taxonomy":"post_tag","embeddable":true,"href":"https:\/\/deutscher-schifffahrtstag.de\/index.php\/wp-json\/wp\/v2\/tags?post=7977"}],"curies":[{"name":"wp","href":"https:\/\/api.w.org\/{rel}","templated":true}]}}